{"id":133,"date":"2020-03-02T11:21:00","date_gmt":"2020-03-02T10:21:00","guid":{"rendered":"https:\/\/www.iptis.fr\/blog\/?p=133"},"modified":"2021-02-24T11:22:38","modified_gmt":"2021-02-24T10:22:38","slug":"le-reseau-public-de-fibre-optique-en-correze","status":"publish","type":"post","link":"https:\/\/www.iptis.fr\/blog\/le-reseau-public-de-fibre-optique-en-correze","title":{"rendered":"LE R\u00c9SEAU PUBLIC DE FIBRE OPTIQUE EN CORR\u00c8ZE"},"content":{"rendered":"\n<blockquote class=\"wp-block-quote is-layout-flow wp-block-quote-is-layout-flow\"><p>IPtis est la marque&nbsp;op\u00e9rateur de la soci\u00e9t\u00e9 Amedia Solutions<\/p><\/blockquote>\n\n\n\n<p>Le d\u00e9ploiement de la fibre optique c&rsquo;est l&rsquo;affaire d&rsquo;op\u00e9rateurs priv\u00e9s et des pouvoirs publics, en Corr\u00e8ze les agglom\u00e9rations de Tulle et de Brive sont d\u00eetes&nbsp;<strong>zones AMII&nbsp;<\/strong>(Appel \u00e0 Manifestation d\u2019Intention d\u2019Investissement) ce qui signifie que ce sont des&nbsp;<strong>op\u00e9rateurs priv\u00e9s&nbsp;<\/strong>: Orange, SFR qui d\u00e9ploient la&nbsp;fibre. Pour le reste de la Corr\u00e8ze ce sont les&nbsp;<strong>collectivit\u00e9s&nbsp;<\/strong>qui prennent \u00e0 leur charge le&nbsp;d\u00e9ploiement de la fibre.<\/p>\n\n\n\n<p>Ces collectivit\u00e9s se sont regroup\u00e9es autour d&rsquo;une&nbsp;<strong>soci\u00e9t\u00e9 publique locale&nbsp;<\/strong>(<strong>SPL<\/strong>) appel\u00e9e&nbsp;<strong><a href=\"https:\/\/nathd.fr\/\">NATHD&nbsp;<\/a><\/strong>(Nouvelle Aquitaine Tr\u00e8s Haut D\u00e9bit).<\/p>\n\n\n\n<figure class=\"wp-block-image\"><img decoding=\"async\" src=\"https:\/\/nathd.fr\/wp-content\/uploads\/2019\/05\/NATHD-logo.jpg\" alt=\"R\u00e9sultat de recherche d'images pour &quot;nathd&quot;\"\/><\/figure>\n\n\n\n<h2 class=\"wp-block-heading\">FONCTIONNEMENT<\/h2>\n\n\n\n<p>Cette volont\u00e9 des&nbsp;<strong>pouvoirs publics<\/strong>&nbsp;de&nbsp;d\u00e9ployer la fibre en lieu et place des op\u00e9rateurs priv\u00e9s s&rsquo;explique par la volont\u00e9 de r\u00e9duire la&nbsp;<strong>fracture num\u00e9rique<\/strong>&nbsp;sur nos territoires. Plusieurs collectivit\u00e9s avaient en charge le d\u00e9ploiement de la fibre en Nouvelle-Aquitaine et avaient mat\u00e9rialis\u00e9 leurs intentions par la cr\u00e9ation de diff\u00e9rents&nbsp;<strong>syndicats mixtes num\u00e9riques<\/strong>&nbsp;: Dorsal, Charentes num\u00e9rique, Lot et Garonne num\u00e9rique, SDEC, P\u00e9rigord num\u00e9rique. Aujourd&rsquo;hui tous ces acteurs se retrouvent sous la banni\u00e8re&nbsp;<strong>NATHD<\/strong>.<\/p>\n\n\n\n<p>La mission de NATHD est d<strong>\u2019exploiter et de commercialiser, via une D\u00e9l\u00e9gation de Service Public<\/strong>, le r\u00e9seau fibre d\u2019initiative publique construit par ses actionnaires les Syndicats mixtes num\u00e9riques.&nbsp;<\/p>\n\n\n\n<p>Pour l\u2019accompagner dans sa mission d\u2019exploitation, NATHD s\u2019appuie sur le savoir-faire&nbsp;<strong>d\u2019<u><a href=\"https:\/\/www.axione.com\/\">Axione<\/a><\/u><\/strong>, l\u2019un des op\u00e9rateurs leader du secteur au travers de sa filiale d\u00e9di\u00e9e au projet : La Fibre Nouvelle-Aquitaine.<\/p>\n\n\n\n<p>Ainsi, gr\u00e2ce \u00e0 l\u2019action des collectivit\u00e9s, la fibre optique arrive jusque dans les foyers et les entreprises dans les d\u00e9partements de Dordogne, des Landes, de Lot-et-Garonne, de Charente, de Corr\u00e8ze, de Creuse et de Haute-Vienne.<\/p>\n\n\n\n<h2 class=\"wp-block-heading\">POURQUOI CE MONTAGE PUBLIC ?<\/h2>\n\n\n\n<p>Cette dynamique 100 % publique permet de r\u00e9pondre aux fortes attentes de la population en mati\u00e8re d\u2019acc\u00e8s au Tr\u00e8s Haut D\u00e9bit, d\u2019am\u00e9liorer la qualit\u00e9 de vie et d\u2019agir en faveur de la croissance et de l\u2019attractivit\u00e9 des territoires ruraux et p\u00e9ri-urbains en Nouvelle-Aquitaine.&nbsp;\u00c0 terme, plus de&nbsp;<strong>700 000 prises<\/strong>&nbsp;seront exploit\u00e9es par NATHD et autant de foyers et d\u2019entreprises situ\u00e9s hors des grandes agglom\u00e9rations pourront profiter d\u2019une&nbsp;<strong>connexion \u00e0 Internet tr\u00e8s haut d\u00e9bit<\/strong>&nbsp;nettement sup\u00e9rieure \u00e0 l\u2019ADSL (jusqu\u2019\u00e0 1 Gbit\/s).<\/p>\n\n\n\n<p>Ce montage a \u00e9galement un&nbsp;<strong>int\u00e9r\u00eat financier&nbsp;<\/strong>: \u00ab Les op\u00e9rateurs reversent une partie des abonnements souscrits sur ce r\u00e9seau \u00e0 NATHD, qui elle-m\u00eame va en reverser une partie \u00e0 Dorsal afin qu\u2019il puisse honorer ses engagements financiers. C\u2019est un fonctionnement vertueux \u00bb.<\/p>\n\n\n\n<figure class=\"wp-block-embed is-type-rich is-provider-prise-en-charge-des-contenus-embarques wp-block-embed-prise-en-charge-des-contenus-embarques wp-embed-aspect-16-9 wp-has-aspect-ratio\"><div class=\"wp-block-embed__wrapper\">\n<iframe loading=\"lazy\" title=\"Interview France TV Mathieu Hazouard depuis Amedia Solutions\" width=\"580\" height=\"326\" src=\"https:\/\/www.youtube.com\/embed\/oN68ab1vHyg?feature=oembed\" frameborder=\"0\" allow=\"accelerometer; autoplay; clipboard-write; encrypted-media; gyroscope; picture-in-picture; web-share\" referrerpolicy=\"strict-origin-when-cross-origin\" allowfullscreen><\/iframe>\n<\/div><\/figure>\n\n\n\n<p>Interview Mathieu Hazouard Conseiller R\u00e9gional Nouvelle-Aquitaine en charge du Num\u00e9rique et THD<\/p>\n\n\n\n<h2 class=\"wp-block-heading\">QUI FOURNIT INTERNET AUX ENTREPRISES ?<\/h2>\n\n\n\n<p>NATHD, incarne la volont\u00e9 des pouvoirs publics de d\u00e9ployer la fibre optique, Axione, op\u00e9rateur d&rsquo;infrastructure assure le d\u00e9ploiement technique de la fibre optique, les&nbsp;<strong>op\u00e9rateurs r\u00e9f\u00e9renc\u00e9s (comme IPtis)<\/strong>&nbsp;fournissent le service aux clients finaux : les professionnels.<\/p>\n\n\n\n<p>Op\u00e9rateur t\u00e9l\u00e9com de proximit\u00e9 et installateur, IPtis est une marque du groupe Amedia Solutions. Depuis plusieurs ann\u00e9es IPtis investit sur une infrastructure multi op\u00e9rateurs pour vous proposer diff\u00e9rents services d\u2019acc\u00e8s \u00e0 Internet, adapt\u00e9s aux besoins de chacun que vous choisissiez une fibre mutualis\u00e9e ou une fibre d\u00e9di\u00e9e.<\/p>\n\n\n\n<p>\u27a1\ufe0f Pour&nbsp;en savoir plus consultez notre&nbsp;<strong><a href=\"https:\/\/www.iptis.fr\/landing-fibre-optique\/\">landing page d\u00e9di\u00e9e \u00e0&nbsp;la fibre optique IPtis&nbsp;<\/a><\/strong><\/p>\n\n\n\n<p>\u27a1\ufe0f Pour tout comprendre sur&nbsp;la fibre optique :&nbsp;<strong><a href=\"https:\/\/www.iptis.fr\/le-dictionnaire-de-la-fibre-optique\">Le dico de la Fibre<\/a><\/strong><\/p>\n","protected":false},"excerpt":{"rendered":"<p>La Corr\u00e8ze fait partie des sept d\u00e9partements de la Nouvelle-Aquitaine ayant mis\u00e9 sur un r\u00e9seau de fibre optique public au travers du montage appel\u00e9 NATHD : mode d&#8217;emploi !<\/p>\n","protected":false},"author":1,"featured_media":135,"comment_status":"closed","ping_status":"open","sticky":false,"template":"templates\/template-full-width.php","format":"standard","meta":{"footnotes":""},"categories":[7,5],"tags":[],"class_list":["post-133","post","type-post","status-publish","format-standard","has-post-thumbnail","hentry","category-internet-fibre-optique","category-techno"],"aioseo_notices":[],"_links":{"self":[{"href":"https:\/\/www.iptis.fr\/blog\/wp-json\/wp\/v2\/posts\/133","targetHints":{"allow":["GET"]}}],"collection":[{"href":"https:\/\/www.iptis.fr\/blog\/wp-json\/wp\/v2\/posts"}],"about":[{"href":"https:\/\/www.iptis.fr\/blog\/wp-json\/wp\/v2\/types\/post"}],"author":[{"embeddable":true,"href":"https:\/\/www.iptis.fr\/blog\/wp-json\/wp\/v2\/users\/1"}],"replies":[{"embeddable":true,"href":"https:\/\/www.iptis.fr\/blog\/wp-json\/wp\/v2\/comments?post=133"}],"version-history":[{"count":2,"href":"https:\/\/www.iptis.fr\/blog\/wp-json\/wp\/v2\/posts\/133\/revisions"}],"predecessor-version":[{"id":138,"href":"https:\/\/www.iptis.fr\/blog\/wp-json\/wp\/v2\/posts\/133\/revisions\/138"}],"wp:featuredmedia":[{"embeddable":true,"href":"https:\/\/www.iptis.fr\/blog\/wp-json\/wp\/v2\/media\/135"}],"wp:attachment":[{"href":"https:\/\/www.iptis.fr\/blog\/wp-json\/wp\/v2\/media?parent=133"}],"wp:term":[{"taxonomy":"category","embeddable":true,"href":"https:\/\/www.iptis.fr\/blog\/wp-json\/wp\/v2\/categories?post=133"},{"taxonomy":"post_tag","embeddable":true,"href":"https:\/\/www.iptis.fr\/blog\/wp-json\/wp\/v2\/tags?post=133"}],"curies":[{"name":"wp","href":"https:\/\/api.w.org\/{rel}","templated":true}]}}