{"id":237,"date":"2021-04-15T09:26:09","date_gmt":"2021-04-15T07:26:09","guid":{"rendered":"https:\/\/www.iptis.fr\/blog\/?p=237"},"modified":"2021-04-22T14:25:37","modified_gmt":"2021-04-22T12:25:37","slug":"amedia-solutions-leve-1-million-et-demi-deuros-pour-developper-son-activite-operateur-iptis","status":"publish","type":"post","link":"https:\/\/www.iptis.fr\/blog\/amedia-solutions-leve-1-million-et-demi-deuros-pour-developper-son-activite-operateur-iptis","title":{"rendered":"Amedia Solutions l\u00e8ve 1,5 million d&rsquo;euros pour d\u00e9velopper son activit\u00e9 op\u00e9rateur IPtis"},"content":{"rendered":"\n<p><strong>Brive-La-Gaillarde, le 15 avril 2021 \u2013 <strong><strong><a href=\"https:\/\/www.aquiti.fr\/\">AQUITI Gestion<\/a><\/strong>, via ses fonds ACI et NACO, et <strong><a href=\"https:\/\/www.bpifrance.fr\/\">Bpifrance<\/a><\/strong><\/strong><\/strong> <strong><strong>entrent au capital d\u2019Amedia Solutions pour l\u2019accompagner dans le d\u00e9veloppement de son projet Iptis<\/strong><\/strong><strong>. Cette op\u00e9ration, coupl\u00e9e au concours financier d\u2019EDF \u00ab\u00a0<a href=\"https:\/\/www.tulle.developpement-edf.com\">Une rivi\u00e8re un territoire<\/a>\u00a0\u00bb, du Cr\u00e9dit Agricole et du Cr\u00e9dit Mutuel, vient donner les moyens \u00e0 la soci\u00e9t\u00e9 de d\u00e9velopper plusieurs projets structurants et d\u2019acc\u00e9l\u00e9rer sa croissance \u00e0 moyen terme.<\/strong><\/p>\n\n\n\n<p>D\u00e8s 2013, Amedia Solutions investissait dans l&rsquo;activit\u00e9 op\u00e9rateur. En 2017 la marque IPtis voyait le jour et venait donner vie \u00e0 notre activit\u00e9 d&rsquo;op\u00e9rateur t\u00e9l\u00e9com.<\/p>\n\n\n\n<blockquote class=\"wp-block-quote is-layout-flow wp-block-quote-is-layout-flow\"><p>IPtis est un op\u00e9rateur t\u00e9l\u00e9com et un int\u00e9grateur qui accompagne les professionnels dans leur strat\u00e9gie de digitalisation. L\u2019entreprise propose une gamme de produits et services pour connecter, communiquer, h\u00e9berger, s\u00e9curiser et collaborer. Fournisseur d\u2019acc\u00e8s Internet, op\u00e9rateur de t\u00e9l\u00e9phonie fixe, op\u00e9rateur de t\u00e9l\u00e9phonie mobile de type MVNO, h\u00e9bergeur et \u00e9diteur de solutions collaboratives, IPtis s\u2019adresse \u00e0 une client\u00e8le B to B qui souhaite relever les enjeux li\u00e9s aux profondes mutations du monde du travail.<\/p><\/blockquote>\n\n\n\n<p>Depuis plusieurs ann\u00e9es IPtis investit sur une <strong>infrastructure propri\u00e9taire, redondante et s\u00e9curis\u00e9e<\/strong> dans le but de proposer ses propres services et cultive la proximit\u00e9 ainsi qu\u2019une ind\u00e9pendance lui permettant de proposer une offre accessible, en phase avec les besoins des TPE et PME de la r\u00e9gion. IPtis travaille quotidiennement \u00e0 nouer des partenariats avec des op\u00e9rateurs d\u2019infrastructure publics et priv\u00e9s dans le but d\u2019am\u00e9liorer la connectivit\u00e9 propos\u00e9e \u00e0 ses clients. La soci\u00e9t\u00e9 a conclu courant avril plusieurs partenariats financiers dans le but de d\u00e9velopper ses activit\u00e9s dans le secteur des t\u00e9l\u00e9coms.<\/p>\n\n\n\n<p>Sur les cinq prochaines ann\u00e9es et gr\u00e2ce \u00e0 ces investissements, Amedia Solutions souhaite acc\u00e9l\u00e9rer le d\u00e9veloppement d\u2019IPtis et r\u00e9pondre aux besoins grandissants des acteurs \u00e9conomiques r\u00e9gionaux. Ces actions vont s\u2019articuler autour du&nbsp;:<\/p>\n\n\n\n<ul class=\"wp-block-list\"><li><strong>Renforcement de l\u2019infrastructure technique<\/strong> pour gagner en r\u00e9silience et en s\u00e9curit\u00e9<\/li><li>Le d\u00e9veloppement de tous les services IPtis et notamment des<strong> applications collaboratives<\/strong><\/li><li><strong>L\u2019augmentation de la capillarit\u00e9<\/strong> et donc de notre capacit\u00e9 \u00e0 connecter plus de clients<\/li><li>Le <strong>doublement des effectifs techniques et commerciaux<\/strong><\/li><li><strong>L\u2019am\u00e9lioration continue de la qualit\u00e9 de nos services<\/strong><\/li><li>L\u2019accroissement de la <strong>compl\u00e9tude nos offres<\/strong><\/li><li><strong>Continuer dans la voie de l\u2019ind\u00e9pendance et d\u2019un mod\u00e8le en rupture<\/strong> avec le march\u00e9<\/li><\/ul>\n\n\n\n<p>Amedia Solutions tient \u00e0 remercier chaleureusement l&rsquo;<strong>Agence de D\u00e9veloppement et d&rsquo;Innovation de la Nouvelle Aquitaine<\/strong>  pour son accompagnement et son soutien sans faille.<\/p>\n\n\n\n<figure class=\"wp-block-image size-large is-resized\"><img loading=\"lazy\" decoding=\"async\" src=\"https:\/\/www.adi-na.fr\/wp-content\/uploads\/ADI-NA.svg\" alt=\"\" width=\"213\" height=\"115\"\/><figcaption><a href=\"https:\/\/www.adi-na.fr\/\">https:\/\/www.adi-na.fr\/<\/a><\/figcaption><\/figure>\n\n\n\n<ul class=\"wp-block-list\"><li>Plus d\u2019informations sur Aquiti : <a href=\"http:\/\/www.aquiti.fr\">www.aquiti.fr<\/a> et <a href=\"https:\/\/www.linkedin.com\/company\/aquiti-gestion\/\">Linkedin<\/a><\/li><li>Plus d&rsquo;informations sur Bpifrance : <a href=\"http:\/\/www.bpifrance.fr\">www.bpifrance.fr<\/a>&nbsp; et Twitter&nbsp;: @Bpifrance &#8211; @BpifrancePresse<\/li><li>Plus d&rsquo;informations sur Une Rivi\u00e8re Un Territoire : <a href=\"http:\/\/www.tulle.developpement-edf.com\">www.tulle.developpement-edf.com<\/a><\/li><li>Plus d\u2019informations sur le Cr\u00e9dit Mutuel&nbsp;: <a href=\"http:\/\/www.creditmutuel.fr\">www.creditmutuel.fr<\/a><\/li><li>Plus d\u2019informations sur le Cr\u00e9dit Agricole: <a href=\"http:\/\/www.creditmutuel.fr\/\"><\/a><a href=\"http:\/\/www.credit-agricole.fr\">www.credit-agricole.fr<\/a><\/li><\/ul>\n\n\n\n<p><\/p>\n\n\n\n<div class=\"wp-block-buttons is-content-justification-center is-layout-flex wp-block-buttons-is-layout-flex\">\n<div class=\"wp-block-button is-style-fill\"><a class=\"wp-block-button__link\" href=\"https:\/\/www.amediasolutions.fr\/presse\/CP_AS_IPTIS_15042021.pdf\" target=\"_blank\" rel=\"noreferrer noopener\">TELECHaRGER LE COMMUNIQUE DE PRESSE<\/a><\/div>\n<\/div>\n\n\n\n<p><\/p>\n","protected":false},"excerpt":{"rendered":"<p>AQUITI Gestion, via ses fonds ACI et NACO, et Bpifrance entrent au capital d\u2019Amedia Solutions pour l\u2019accompagner dans le d\u00e9veloppement de son projet Iptis. Cette op\u00e9ration, coupl\u00e9e au concours financier d\u2019EDF \u00ab Une rivi\u00e8re un territoire \u00bb, du Cr\u00e9dit Agricole et du Cr\u00e9dit Mutuel, vient donner les moyens \u00e0 la soci\u00e9t\u00e9 de d\u00e9velopper plusieurs projets structurants et d\u2019acc\u00e9l\u00e9rer sa croissance \u00e0 moyen terme.<\/p>\n","protected":false},"author":1,"featured_media":242,"comment_status":"closed","ping_status":"open","sticky":false,"template":"templates\/template-full-width.php","format":"standard","meta":{"footnotes":""},"categories":[12],"tags":[],"class_list":["post-237","post","type-post","status-publish","format-standard","has-post-thumbnail","hentry","category-actu-de-la-societe"],"aioseo_notices":[],"_links":{"self":[{"href":"https:\/\/www.iptis.fr\/blog\/wp-json\/wp\/v2\/posts\/237","targetHints":{"allow":["GET"]}}],"collection":[{"href":"https:\/\/www.iptis.fr\/blog\/wp-json\/wp\/v2\/posts"}],"about":[{"href":"https:\/\/www.iptis.fr\/blog\/wp-json\/wp\/v2\/types\/post"}],"author":[{"embeddable":true,"href":"https:\/\/www.iptis.fr\/blog\/wp-json\/wp\/v2\/users\/1"}],"replies":[{"embeddable":true,"href":"https:\/\/www.iptis.fr\/blog\/wp-json\/wp\/v2\/comments?post=237"}],"version-history":[{"count":8,"href":"https:\/\/www.iptis.fr\/blog\/wp-json\/wp\/v2\/posts\/237\/revisions"}],"predecessor-version":[{"id":251,"href":"https:\/\/www.iptis.fr\/blog\/wp-json\/wp\/v2\/posts\/237\/revisions\/251"}],"wp:featuredmedia":[{"embeddable":true,"href":"https:\/\/www.iptis.fr\/blog\/wp-json\/wp\/v2\/media\/242"}],"wp:attachment":[{"href":"https:\/\/www.iptis.fr\/blog\/wp-json\/wp\/v2\/media?parent=237"}],"wp:term":[{"taxonomy":"category","embeddable":true,"href":"https:\/\/www.iptis.fr\/blog\/wp-json\/wp\/v2\/categories?post=237"},{"taxonomy":"post_tag","embeddable":true,"href":"https:\/\/www.iptis.fr\/blog\/wp-json\/wp\/v2\/tags?post=237"}],"curies":[{"name":"wp","href":"https:\/\/api.w.org\/{rel}","templated":true}]}}