{"id":399,"date":"2021-09-14T09:51:50","date_gmt":"2021-09-14T07:51:50","guid":{"rendered":"https:\/\/www.iptis.fr\/blog\/?p=399"},"modified":"2021-09-14T09:51:51","modified_gmt":"2021-09-14T07:51:51","slug":"les-telecommunications-a-loffice-de-tourisme-de-la-vallee-de-la-dordogne","status":"publish","type":"post","link":"https:\/\/www.iptis.fr\/blog\/les-telecommunications-a-loffice-de-tourisme-de-la-vallee-de-la-dordogne","title":{"rendered":"Les t\u00e9l\u00e9communications \u00e0 l&rsquo;Office de Tourisme de la Vall\u00e9e de la Dordogne"},"content":{"rendered":"\n<h2 class=\"wp-block-heading\">La vall\u00e9e de la Dordogne : l&rsquo;\u00e9tonnant voyage !<\/h2>\n\n\n\n<p>L&rsquo;Office de Tourisme couvre un <strong>vaste territoire, entre Lot et Corr\u00e8ze<\/strong>, autour de la Dordogne. Le territoire est extr\u00eamement riche avec les <strong>plus beaux villages de France<\/strong> (Rocamadour, Collonges la Rouge, &#8230;) un <strong>patrimoine historique et g\u00e9ologique <\/strong>extraordinaire (Padirac, Lacave, &#8230;) et un <strong>savoir-faire gastronomique <\/strong>sans \u00e9gal ! La Vall\u00e9e de la Dordogne c&rsquo;est le d\u00e9paysement assur\u00e9 en France, pr\u00e8s de chez soi !<\/p>\n\n\n\n<p>+ d&rsquo;infos : <a href=\"https:\/\/www.vallee-dordogne.com\/\" target=\"_blank\" rel=\"noreferrer noopener\" title=\"https:\/\/www.vallee-dordogne.com\/\">https:\/\/www.vallee-dordogne.com\/<\/a><\/p>\n\n\n\n<figure class=\"wp-block-image size-large\"><img decoding=\"async\" src=\"https:\/\/images.unsplash.com\/photo-1564385825076-eca69811f4cc?ixid=MnwxMjA3fDB8MHxwaG90by1wYWdlfHx8fGVufDB8fHx8&amp;ixlib=rb-1.2.1&amp;auto=format&amp;fit=crop&amp;w=1950&amp;q=80\" alt=\"\"\/><figcaption>Rocamadour <a href=\"https:\/\/unsplash.com\/photos\/aOUlPvDJR18\" target=\"_blank\" rel=\"noreferrer noopener\">https:\/\/unsplash.com\/photos\/aOUlPvDJR18<\/a><\/figcaption><\/figure>\n\n\n\n<h2 class=\"wp-block-heading\">Des besoins sp\u00e9cifiques, une r\u00e9ponse sp\u00e9cifique !<\/h2>\n\n\n\n<p>Depuis plusieurs ann\u00e9es maintenant <a href=\"https:\/\/www.amediasolutions.fr\" title=\"https:\/\/www.amediasolutions.fr\">Amedia Solutions<\/a> au travers de sa marques <a href=\"https:\/\/www.iptis.fr\" title=\"https:\/\/www.iptis.fr\">IPtis <\/a>accompagne l&rsquo;Office de Tourisme sur diff\u00e9rents sujets :<\/p>\n\n\n\n<ul class=\"wp-block-list\"><li>Lien internet<\/li><li>Serveur Cloud<\/li><li>T\u00e9l\u00e9phonie fixe et<strong> num\u00e9ro unique<\/strong> de destination<\/li><li>T\u00e9l\u00e9phonie mobile<\/li><\/ul>\n\n\n\n<p>D\u00e9couvrez au travers de ce <strong>t\u00e9moignage <\/strong>une application concr\u00e8te de nos services dans le cadre d&rsquo;un Office de Tourisme aux besoins sp\u00e9cifiques.<\/p>\n\n\n\n<figure class=\"wp-block-embed is-type-video is-provider-youtube wp-block-embed-youtube wp-embed-aspect-16-9 wp-has-aspect-ratio\"><div class=\"wp-block-embed__wrapper\">\n<iframe loading=\"lazy\" title=\"Interview de l&#039;Office de Tourisme Vall\u00e9e de la Dordogne\" width=\"580\" height=\"326\" src=\"https:\/\/www.youtube.com\/embed\/bdI6Is-gtfg?feature=oembed\" frameborder=\"0\" allow=\"accelerometer; autoplay; clipboard-write; encrypted-media; gyroscope; picture-in-picture; web-share\" referrerpolicy=\"strict-origin-when-cross-origin\" allowfullscreen><\/iframe>\n<\/div><\/figure>\n\n\n\n<p>Si vous \u00eates un institutionnel du Tourisme IPtis aura la chance cette ann\u00e9e d&rsquo;accompagner <a href=\"https:\/\/www.aloa-tourisme.com\" title=\"https:\/\/www.aloa-tourisme.com\" target=\"_blank\" rel=\"noreferrer noopener\">Aloa Solutions eTourisme<\/a> au <strong><a href=\"https:\/\/congres-adntourisme.com\/\" target=\"_blank\" rel=\"noreferrer noopener\" title=\"https:\/\/congres-adntourisme.com\/\">congr\u00e8s ADN Tourisme<\/a> \u00e0 Agen les 23 et 24 septembre prochains<\/strong>. Alors si vous souhaitez nous rencontrer n&rsquo;h\u00e9sitez pas, c&rsquo;est le moment !<\/p>\n\n\n\n<p><\/p>\n","protected":false},"excerpt":{"rendered":"<p>D\u00e9couvrez au travers de ce t\u00e9moignage une application concr\u00e8te de nos services dans le cadre d&rsquo;un Office de Tourisme aux besoins sp\u00e9cifiques.<\/p>\n","protected":false},"author":1,"featured_media":403,"comment_status":"closed","ping_status":"open","sticky":false,"template":"templates\/template-full-width.php","format":"standard","meta":{"footnotes":""},"categories":[11,7,6],"tags":[],"class_list":["post-399","post","type-post","status-publish","format-standard","has-post-thumbnail","hentry","category-cas-client","category-internet-fibre-optique","category-telephonie"],"aioseo_notices":[],"_links":{"self":[{"href":"https:\/\/www.iptis.fr\/blog\/wp-json\/wp\/v2\/posts\/399","targetHints":{"allow":["GET"]}}],"collection":[{"href":"https:\/\/www.iptis.fr\/blog\/wp-json\/wp\/v2\/posts"}],"about":[{"href":"https:\/\/www.iptis.fr\/blog\/wp-json\/wp\/v2\/types\/post"}],"author":[{"embeddable":true,"href":"https:\/\/www.iptis.fr\/blog\/wp-json\/wp\/v2\/users\/1"}],"replies":[{"embeddable":true,"href":"https:\/\/www.iptis.fr\/blog\/wp-json\/wp\/v2\/comments?post=399"}],"version-history":[{"count":4,"href":"https:\/\/www.iptis.fr\/blog\/wp-json\/wp\/v2\/posts\/399\/revisions"}],"predecessor-version":[{"id":404,"href":"https:\/\/www.iptis.fr\/blog\/wp-json\/wp\/v2\/posts\/399\/revisions\/404"}],"wp:featuredmedia":[{"embeddable":true,"href":"https:\/\/www.iptis.fr\/blog\/wp-json\/wp\/v2\/media\/403"}],"wp:attachment":[{"href":"https:\/\/www.iptis.fr\/blog\/wp-json\/wp\/v2\/media?parent=399"}],"wp:term":[{"taxonomy":"category","embeddable":true,"href":"https:\/\/www.iptis.fr\/blog\/wp-json\/wp\/v2\/categories?post=399"},{"taxonomy":"post_tag","embeddable":true,"href":"https:\/\/www.iptis.fr\/blog\/wp-json\/wp\/v2\/tags?post=399"}],"curies":[{"name":"wp","href":"https:\/\/api.w.org\/{rel}","templated":true}]}}