{"id":406,"date":"2021-11-09T09:15:00","date_gmt":"2021-11-09T08:15:00","guid":{"rendered":"https:\/\/www.iptis.fr\/blog\/?p=406"},"modified":"2021-11-08T16:40:22","modified_gmt":"2021-11-08T15:40:22","slug":"restructuration-de-linfrastructure-reseau-du-lycee-bahuet-de-brive","status":"publish","type":"post","link":"https:\/\/www.iptis.fr\/blog\/restructuration-de-linfrastructure-reseau-du-lycee-bahuet-de-brive","title":{"rendered":"Restructuration de l&rsquo;infrastructure r\u00e9seau du lyc\u00e9e Bahuet de Brive"},"content":{"rendered":"\n<h2 class=\"wp-block-heading\">Historique et probl\u00e9matique <\/h2>\n\n\n\n<p>Amedia Solutions et IPtis travaillent avec le <a href=\"https:\/\/www.bahuet.fr\/\" target=\"_blank\" rel=\"noreferrer noopener\" title=\"Lyc\u00e9e Bahuet de Brive\">lyc\u00e9e Bahuet<\/a> depuis de nombreuses ann\u00e9es.<strong> Installation de la t\u00e9l\u00e9phonie, puis de la fibre optique, <\/strong>nos \u00e9quipes connaissent bien l&rsquo;environnement technique de cet \u00e9tablissement.<\/p>\n\n\n\n<p>Le lyc\u00e9e a de nouveau fait appel \u00e0 <a href=\"http:\/\/www.iptis.fr\" title=\"IPtis, op\u00e9rateur t\u00e9l\u00e9com de proximit\u00e9\">IPtis<\/a> car <strong>l&rsquo;infrastructure r\u00e9seau<\/strong> existante ne correspondait plus aux besoins de ses diff\u00e9rents utilisateurs (administration, professeurs, \u00e9tudiants, &#8230;). <\/p>\n\n\n\n<blockquote class=\"wp-block-quote is-layout-flow wp-block-quote-is-layout-flow\"><p><em>Nous poss\u00e9dons de nombreux \u00e9quipements (ordinateurs, iPad, syst\u00e8me de Sonneries et d\u2019alarmes, serveurs) qui doivent cohabiter sur des r\u00e9seaux bien diff\u00e9rents<\/em><\/p><cite>  C\u00e9cile Demaille, informaticienne au lyc\u00e9e Bahuet <\/cite><\/blockquote>\n\n\n\n<p>Un technicien et un expert sont intervenus sur site pendant 4 jours : <\/p>\n\n\n\n<h2 class=\"wp-block-heading\">1-Infrastructure r\u00e9seau<\/h2>\n\n\n\n<p>Le premier travail a \u00e9t\u00e9 de revoir <strong>l&rsquo;infrastructure<\/strong> existante pour apporter plus de <strong>r\u00e9silience et de s\u00e9curit\u00e9<\/strong>.  Un pare-feu Fortinet de nouvelle g\u00e9n\u00e9ration a \u00e9t\u00e9 install\u00e9 sur le serveur existant et adoss\u00e9 \u00e0 tous les FortiSwitchs existants du lyc\u00e9e.<\/p>\n\n\n\n<p>Cette nouvelle configuration a permis de <strong>diminuer les risques pesant sur le serveur.<\/strong> En effet, ce dernier \u00e9tait auparavant en acc\u00e8s frontal avec les autres \u00e9quipements de l&rsquo;\u00e9tablissement. \u00c0 pr\u00e9sent, les \u00e9quipements sont s\u00e9par\u00e9s sur des r\u00e9seaux d\u00e9di\u00e9s pour <strong>am\u00e9liorer la s\u00e9curit\u00e9<\/strong>.<\/p>\n\n\n\n<p>De nouveaux \u00e9quipements ont \u00e9t\u00e9 rajout\u00e9s au syst\u00e8me existant : <\/p>\n\n\n\n<ul class=\"wp-block-list\"><li>15 <strong>bornes wifi<\/strong> Fortinet pour am\u00e9liorer la connexion \u00e0 travers tout l&rsquo;\u00e9tablissement.<\/li><li>Un <strong>backup 4G<\/strong> a \u00e9t\u00e9 install\u00e9 pour permettre au lyc\u00e9e d&rsquo;avoir un acc\u00e8s Internet redond\u00e9 et s\u00e9curis\u00e9.<\/li><\/ul>\n\n\n\n<blockquote class=\"wp-block-quote is-layout-flow wp-block-quote-is-layout-flow\"><p><em>Je ne pensais pas qu\u2019on pouvait pousser si loin la s\u00e9curit\u00e9 ! Les techniciens et experts d&rsquo;Amedia et IPtis ma\u00eetrisent parfaitement l&rsquo;environnement technique, ils ont r\u00e9pondu \u00e0 nos souhaits, nos exigences, mais ils ont aussi propos\u00e9 d&rsquo;aller beaucoup plus loin dans les param\u00e9trages.<\/em><\/p><cite> C\u00e9cile Demaille, informaticienne au lyc\u00e9e Bahuet<\/cite><\/blockquote>\n\n\n\n<h2 class=\"wp-block-heading\">2-Lien Internet et t\u00e9l\u00e9phonie<\/h2>\n\n\n\n<p>Le<strong> lien Internet <\/strong>a \u00e9t\u00e9 chang\u00e9 pour supporter un flux plus important.  Un travail sur le trafic de la <a href=\"https:\/\/www.iptis.fr\/fibre-optique\" target=\"_blank\" rel=\"noreferrer noopener\" title=\"Fibre optique IPtis\">fibre optique<\/a> a ensuite \u00e9t\u00e9 men\u00e9 pour prioriser certains flux par rapport \u00e0 d&rsquo;autres.<\/p>\n\n\n\n<p>Un travail sur la\u00a0<strong>QoS (qualit\u00e9 de service)<\/strong>\u00a0a \u00e9t\u00e9 entrepris de mani\u00e8re \u00e0 compartimenter les diff\u00e9rents flux et ainsi garantir par exemple de ne pas p\u00e9naliser les d\u00e9bits d\u00e9volus au service administratif en cas de mises \u00e0 jour ou de t\u00e9l\u00e9chargements volumineux.<\/p>\n\n\n\n<p>Le <strong>mat\u00e9riel de t\u00e9l\u00e9phonie<\/strong> a \u00e9galement \u00e9t\u00e9 renouvel\u00e9 et le standard param\u00e9tr\u00e9 dans <a href=\"https:\/\/www.iptis.fr\/trunk-sip-ipbx\" target=\"_blank\" rel=\"noreferrer noopener\" title=\"IPBX d'IPtis\"><strong>l&rsquo;IPBX d<\/strong>&lsquo;IPtis<\/a>. Ce dernier faisant partie int\u00e9grante de <strong>l&rsquo;infrastructure d&rsquo;IPtis<\/strong>, il b\u00e9n\u00e9ficie du niveau de s\u00e9curit\u00e9 le plus \u00e9lev\u00e9.<\/p>\n\n\n\n<figure class=\"wp-block-image size-large\"><img loading=\"lazy\" decoding=\"async\" width=\"1024\" height=\"682\" src=\"https:\/\/www.iptis.fr\/blog\/wp-content\/uploads\/2021\/11\/instal_2-1024x682.jpg\" alt=\"\" class=\"wp-image-411\" srcset=\"https:\/\/www.iptis.fr\/blog\/wp-content\/uploads\/2021\/11\/instal_2-1024x682.jpg 1024w, https:\/\/www.iptis.fr\/blog\/wp-content\/uploads\/2021\/11\/instal_2-300x200.jpg 300w, https:\/\/www.iptis.fr\/blog\/wp-content\/uploads\/2021\/11\/instal_2-768x512.jpg 768w, https:\/\/www.iptis.fr\/blog\/wp-content\/uploads\/2021\/11\/instal_2-1536x1024.jpg 1536w, https:\/\/www.iptis.fr\/blog\/wp-content\/uploads\/2021\/11\/instal_2-1200x800.jpg 1200w, https:\/\/www.iptis.fr\/blog\/wp-content\/uploads\/2021\/11\/instal_2.jpg 1805w\" sizes=\"auto, (max-width: 1024px) 100vw, 1024px\" \/><figcaption>Aper\u00e7u de la baie principale du lyc\u00e9e Bahuet <\/figcaption><\/figure>\n\n\n\n<h2 class=\"wp-block-heading\">Et maintenant ?<\/h2>\n\n\n\n<p>L<strong>&lsquo;infrastructure r\u00e9seau<\/strong> est aujourd&rsquo;hui beaucoup plus adapt\u00e9e \u00e0 l&rsquo;utilisation des diff\u00e9rents utilisateurs, internes comme externes.<\/p>\n\n\n\n<p>Les \u00e9quipes d&rsquo;Amedia et IPtis ont travaill\u00e9 en \u00e9troite relation avec les \u00e9quipes informatiques de Bahuet pour mettre en place cette nouvelle <strong>infrastructure enti\u00e8rement sur-mesure<\/strong>. Le d\u00e9ploiement sur site s&rsquo;accompagne toujours d&rsquo;un suivi r\u00e9gulier pour faire le point sur l&rsquo;utilisation de nos solutions.<\/p>\n","protected":false},"excerpt":{"rendered":"<p>Le lyc\u00e9e a de nouveau fait appel \u00e0 IPtis car l&rsquo;infrastructure r\u00e9seau existante ne correspondait plus aux besoins de ses diff\u00e9rents utilisateurs <\/p>\n","protected":false},"author":1,"featured_media":414,"comment_status":"closed","ping_status":"open","sticky":false,"template":"templates\/template-full-width.php","format":"standard","meta":{"footnotes":""},"categories":[11,7,1],"tags":[],"class_list":["post-406","post","type-post","status-publish","format-standard","has-post-thumbnail","hentry","category-cas-client","category-internet-fibre-optique","category-non-classe"],"aioseo_notices":[],"_links":{"self":[{"href":"https:\/\/www.iptis.fr\/blog\/wp-json\/wp\/v2\/posts\/406","targetHints":{"allow":["GET"]}}],"collection":[{"href":"https:\/\/www.iptis.fr\/blog\/wp-json\/wp\/v2\/posts"}],"about":[{"href":"https:\/\/www.iptis.fr\/blog\/wp-json\/wp\/v2\/types\/post"}],"author":[{"embeddable":true,"href":"https:\/\/www.iptis.fr\/blog\/wp-json\/wp\/v2\/users\/1"}],"replies":[{"embeddable":true,"href":"https:\/\/www.iptis.fr\/blog\/wp-json\/wp\/v2\/comments?post=406"}],"version-history":[{"count":6,"href":"https:\/\/www.iptis.fr\/blog\/wp-json\/wp\/v2\/posts\/406\/revisions"}],"predecessor-version":[{"id":419,"href":"https:\/\/www.iptis.fr\/blog\/wp-json\/wp\/v2\/posts\/406\/revisions\/419"}],"wp:featuredmedia":[{"embeddable":true,"href":"https:\/\/www.iptis.fr\/blog\/wp-json\/wp\/v2\/media\/414"}],"wp:attachment":[{"href":"https:\/\/www.iptis.fr\/blog\/wp-json\/wp\/v2\/media?parent=406"}],"wp:term":[{"taxonomy":"category","embeddable":true,"href":"https:\/\/www.iptis.fr\/blog\/wp-json\/wp\/v2\/categories?post=406"},{"taxonomy":"post_tag","embeddable":true,"href":"https:\/\/www.iptis.fr\/blog\/wp-json\/wp\/v2\/tags?post=406"}],"curies":[{"name":"wp","href":"https:\/\/api.w.org\/{rel}","templated":true}]}}