{"id":547,"date":"2022-05-06T15:33:06","date_gmt":"2022-05-06T13:33:06","guid":{"rendered":"https:\/\/www.iptis.fr\/blog\/?p=547"},"modified":"2023-10-13T11:53:25","modified_gmt":"2023-10-13T09:53:25","slug":"nouveau-deploiement-au-syttom19","status":"publish","type":"post","link":"https:\/\/www.iptis.fr\/blog\/nouveau-deploiement-au-syttom19","title":{"rendered":"Nouveau d\u00e9ploiement au SYTTOM19"},"content":{"rendered":"\n<h2 class=\"wp-block-heading\" id=\"le-district-de-football-de-la-haute-vienne-a-70-ans\">Le Syttom 19 c&rsquo;est quoi ?<\/h2>\n\n\n\n<p>Le&nbsp;SYTTOM 19&nbsp;organise le transport et le traitement des ordures m\u00e9nag\u00e8res sur l&rsquo;ensemble du d\u00e9partement de la Corr\u00e8ze.<\/p>\n\n\n\n<p>Les missions du SYTTOM 19 s\u2019articulent autour de trois axes&nbsp;:<\/p>\n\n\n\n<ul class=\"wp-block-list\">\n<li>Organiser<strong>&nbsp;le transport et le traitement des ordures m\u00e9nag\u00e8res<\/strong>&nbsp;sur l\u2019ensemble du d\u00e9partement de la Corr\u00e8ze.<\/li>\n\n\n\n<li>Mener les \u00e9tudes n\u00e9cessaires pour optimiser le traitement des d\u00e9chets.<\/li>\n<\/ul>\n\n\n\n<ul class=\"wp-block-list\">\n<li>Les produits de collecte s\u00e9lective<\/li>\n\n\n\n<li>Les ordures m\u00e9nag\u00e8res r\u00e9siduelles<\/li>\n<\/ul>\n\n\n\n<p>Cette carte interactive : <a href=\"http:\/\/www.syttom19.fr\/carte-interactive\">http:\/\/www.syttom19.fr\/carte-interactive<\/a> permet de localiser les diff\u00e9rentes installations sur le territoire. le site internet <a href=\"http:\/\/www.syttom19.fr\/\">http:\/\/www.syttom19.fr\/<\/a> permet d&rsquo;en savoir plus sur le syndicat.<\/p>\n\n\n<div class=\"wp-block-image\">\n<figure class=\"aligncenter size-large\"><img decoding=\"async\" src=\"http:\/\/www.syttom19.fr\/sites\/default\/files\/logo-syttom19.jpg\" alt=\"\"\/><\/figure>\n<\/div>\n\n\n<h2 class=\"wp-block-heading\">Besoins et contraintes du projet<\/h2>\n\n\n\n<p>Le Syttom a souhait\u00e9 modifi\u00e9 son infrastructure t\u00e9l\u00e9com pour plusieurs raisons :<\/p>\n\n\n\n<ul class=\"wp-block-list\">\n<li>Franchir un palier technique en basculant sur la <strong>t\u00e9l\u00e9phonie sur IP<\/strong> et la <strong>fibre optique<\/strong><\/li>\n\n\n\n<li>Simplifier sa facturation fournisseur en <strong>regroupant tous les services au sein d&rsquo;un m\u00eame contrat<\/strong><\/li>\n\n\n\n<li>Disposer d&rsquo;un <strong>unique interlocuteur<\/strong> en cas de panne.<\/li>\n\n\n\n<li>Equiper les sites de Saint Pantal\u00e9on de Larche, Bort les Orgues et Ussel<\/li>\n<\/ul>\n\n\n\n<h2 class=\"wp-block-heading\" id=\"pourquoi-avoir-fait-appel-a-amedia-et-a-son-operateur-telecom-iptis\">Quelles ont \u00e9t\u00e9 les solutions apport\u00e9es par IPtis?<\/h2>\n\n\n\n<p>Pour r\u00e9pondre aux besoins du Syttom, plusieurs solutions techniques ont \u00e9t\u00e9 d\u00e9ploy\u00e9es :<\/p>\n\n\n\n<ul class=\"wp-block-list\" id=\"block-4a74211d-55f7-4f1a-b55a-4a319ff349f5\">\n<li>De la <strong>fibre optique mutualis\u00e9e<\/strong> (<a href=\"https:\/\/www.iptis.fr\/fibre-optique\" target=\"_blank\" rel=\"noreferrer noopener\" title=\"FTTH\">FTTH<\/a>) qui permet de profiter d&rsquo;un d\u00e9bit important avec un budget limit\u00e9 comparativement \u00e0 une fibre d\u00e9di\u00e9e. Et comme pour tous nos acc\u00e8s Internet, nous mettons \u00e0 disposition de nos clients des services compl\u00e9mentaires comme :\n<ul class=\"wp-block-list\">\n<li>le back&rsquo;up 4G qui permet d&rsquo;assurer <strong>automatiquement <\/strong>une continuit\u00e9 de service en cas de coupure de fibre.<\/li>\n\n\n\n<li>une licence de <a href=\"https:\/\/www.iptis.fr\/visioconference\" target=\"_blank\" rel=\"noreferrer noopener\" title=\"visioconf\u00e9rence \">visioconf\u00e9rence <\/a>IPtis<\/li>\n<\/ul>\n<\/li>\n\n\n\n<li>Des abonnements Access IPtis pour la <strong><a href=\"https:\/\/www.iptis.fr\/telephonie-sur-ip\" target=\"_blank\" rel=\"noreferrer noopener\" title=\"t\u00e9l\u00e9phonie fixe\">t\u00e9l\u00e9phonie fixe<\/a><\/strong><ul><li>Portabilit\u00e9 des num\u00e9ros existants<\/li><li>Conf\u00e9rence<\/li><li>Renvois<\/li><\/ul>\n<ul class=\"wp-block-list\">\n<li>Tarification au compteur (Vous ne payez que ce que vous consommez)<\/li>\n\n\n\n<li>un acc\u00e8s \u00e0 la <a href=\"https:\/\/www.iptis.fr\/messagerie-instantanee\" target=\"_blank\" rel=\"noreferrer noopener\" title=\"messagerie instantan\u00e9e\">messagerie instantan\u00e9e<\/a> pour le travail en distanciel<\/li>\n<\/ul>\n<\/li>\n\n\n\n<li>Des abonnements de <strong><a href=\"https:\/\/www.iptis.fr\/telephonie-mobile\" target=\"_blank\" rel=\"noreferrer noopener\" title=\"t\u00e9l\u00e9phonie mobile\">t\u00e9l\u00e9phonie mobile<\/a><\/strong><\/li>\n\n\n\n<li>Une <strong><a href=\"https:\/\/www.iptis.fr\/wifi\" target=\"_blank\" rel=\"noreferrer noopener\" title=\"couverture Wifi\">couverture Wifi<\/a><\/strong> repens\u00e9e pour pouvoir travailler et naviguer dans tout le b\u00e2timent<\/li>\n\n\n\n<li>Et bien entendu tous les <strong><a href=\"https:\/\/www.iptis.fr\/materiel-telephonie\" target=\"_blank\" rel=\"noreferrer noopener\" title=\"\u00e9quipements et accessoires\">\u00e9quipements et accessoires<\/a><\/strong> n\u00e9cessaires : t\u00e9l\u00e9phones, casques, &#8230;<\/li>\n<\/ul>\n\n\n\n<p>Tous ces services transitent par le lien fibre optique de mani\u00e8re compl\u00e9tement s\u00e9curis\u00e9e, le travail autour de la QoS permettant de garantir <strong>la qualit\u00e9 des \u00e9changes t\u00e9l\u00e9phoniques<\/strong> notamment.<\/p>\n\n\n\n<figure class=\"wp-block-embed is-type-video is-provider-youtube wp-block-embed-youtube wp-embed-aspect-16-9 wp-has-aspect-ratio\"><div class=\"wp-block-embed__wrapper\">\n<iframe loading=\"lazy\" title=\"Communications unifi\u00e9es\" width=\"580\" height=\"326\" src=\"https:\/\/www.youtube.com\/embed\/SKV0SXnE90o?start=19&#038;feature=oembed\" frameborder=\"0\" allow=\"accelerometer; autoplay; clipboard-write; encrypted-media; gyroscope; picture-in-picture; web-share\" referrerpolicy=\"strict-origin-when-cross-origin\" allowfullscreen><\/iframe>\n<\/div><\/figure>\n\n\n\n<h2 class=\"wp-block-heading\" id=\"comment-s-organise-le-deploiement-d-une-telle-solution\">Comment s&rsquo;organise le d\u00e9ploiement d&rsquo;une telle solution ?<\/h2>\n\n\n\n<p>Le <strong>premier \u00e9change est commercial<\/strong>, on \u00e9change autour du besoin, du budget pour mener \u00e0 bien le projet. Le deuxi\u00e8me contact est plus technique car il s&rsquo;agit <strong>d&rsquo;auditer les installations en place pour \u00e9valuer la faisabilit\u00e9 du projet et les contraintes<\/strong> qui pourraient en d\u00e9couler. Cette \u00e9tape est men\u00e9e par l&rsquo;un de nos experts en la mati\u00e8re.<\/p>\n\n\n\n<p>Une fois le contexte connu, la <strong>proposition technique d\u00e9finitive<\/strong> peut \u00eatre soumise au client et le projet peut commencer. Ce type de projets est toujours pilot\u00e9 et jalonn\u00e9 conjointement avec le client. <strong>Un planning <\/strong>d\u00e9pendant principalement des d\u00e9lais de livraison de fibre est alors \u00e9tabli et permet ainsi au client <strong>d&rsquo;avoir de la visibilit\u00e9<\/strong> et d&rsquo;organiser ses \u00e9quipes en connaissant les dates d&rsquo;installation, de mise en service, &#8230;<\/p>\n\n\n\n<p>Ce type de projets n\u00e9cessite une part de <strong>pr\u00e9paration en atelier<\/strong> : routeur, bornes wifi, t\u00e9l\u00e9phones, &#8230; puis vient le temps de <strong>l&rsquo;installation sur site<\/strong> avec l&rsquo;implantation des \u00e9quipements dans la baie informatique, le raccordement fibre, les tests de d\u00e9bit, de bascule, &#8230; pour aboutir enfin \u00e0 la formation des utilisateurs.<\/p>\n\n\n\n<h2 class=\"wp-block-heading\" id=\"le-temoignage-du-district-en-video\">Le t\u00e9moignage du Syttom en vid\u00e9o !<\/h2>\n\n\n\n<p>\ud83d\udcf9 Retour en vid\u00e9o sur ce projet, avec le t\u00e9moignage de S\u00e8verine Belonie assistante technique du Syttom 19 :<\/p>\n\n\n\n<figure class=\"wp-block-embed is-type-video is-provider-youtube wp-block-embed-youtube wp-embed-aspect-16-9 wp-has-aspect-ratio\"><div class=\"wp-block-embed__wrapper\">\n<iframe loading=\"lazy\" title=\"Interview SYTTOM 19\" width=\"580\" height=\"326\" src=\"https:\/\/www.youtube.com\/embed\/hllWAQ9sYKE?feature=oembed\" frameborder=\"0\" allow=\"accelerometer; autoplay; clipboard-write; encrypted-media; gyroscope; picture-in-picture; web-share\" referrerpolicy=\"strict-origin-when-cross-origin\" allowfullscreen><\/iframe>\n<\/div><\/figure>\n\n\n\n<p>Merci \u00e0 toute l&rsquo;\u00e9quipe du Syttom19  pour nous avoir permis de r\u00e9aliser cette petite interview<\/p>\n\n\n\n<h2 class=\"wp-block-heading\" id=\"pour-aller-plus-loin\">Pour aller plus loin !<\/h2>\n\n\n\n<p>Vous \u00eates int\u00e9ress\u00e9 par un tel projet pour votre entreprise ? Vous souhaitez simplement en savoir plus sur nos solutions ?<\/p>\n\n\n\n<div class=\"wp-block-buttons is-content-justification-center is-layout-flex wp-container-core-buttons-is-layout-16018d1d wp-block-buttons-is-layout-flex\">\n<div class=\"wp-block-button\"><a class=\"wp-block-button__link has-background wp-element-button\" href=\"https:\/\/www.iptis.fr\/contactez-nous\" style=\"background-color:#e94242\" target=\"_blank\" rel=\"noreferrer noopener\">CONTACTEZ-NOUS !<\/a><\/div>\n<\/div>\n\n\n\n<p><\/p>\n","protected":false},"excerpt":{"rendered":"<p>IPtis revient au travers de ce billet et en vid\u00e9o sur un d\u00e9ploiement r\u00e9cent r\u00e9alis\u00e9 pour le compte du SYTTOM19. Fibre optique, t\u00e9l\u00e9phonie, r\u00e9seau, etc.<\/p>\n","protected":false},"author":1,"featured_media":551,"comment_status":"closed","ping_status":"open","sticky":false,"template":"templates\/template-full-width.php","format":"standard","meta":{"footnotes":""},"categories":[12,11,7,1],"tags":[],"class_list":["post-547","post","type-post","status-publish","format-standard","has-post-thumbnail","hentry","category-actu-de-la-societe","category-cas-client","category-internet-fibre-optique","category-non-classe"],"aioseo_notices":[],"_links":{"self":[{"href":"https:\/\/www.iptis.fr\/blog\/wp-json\/wp\/v2\/posts\/547","targetHints":{"allow":["GET"]}}],"collection":[{"href":"https:\/\/www.iptis.fr\/blog\/wp-json\/wp\/v2\/posts"}],"about":[{"href":"https:\/\/www.iptis.fr\/blog\/wp-json\/wp\/v2\/types\/post"}],"author":[{"embeddable":true,"href":"https:\/\/www.iptis.fr\/blog\/wp-json\/wp\/v2\/users\/1"}],"replies":[{"embeddable":true,"href":"https:\/\/www.iptis.fr\/blog\/wp-json\/wp\/v2\/comments?post=547"}],"version-history":[{"count":5,"href":"https:\/\/www.iptis.fr\/blog\/wp-json\/wp\/v2\/posts\/547\/revisions"}],"predecessor-version":[{"id":690,"href":"https:\/\/www.iptis.fr\/blog\/wp-json\/wp\/v2\/posts\/547\/revisions\/690"}],"wp:featuredmedia":[{"embeddable":true,"href":"https:\/\/www.iptis.fr\/blog\/wp-json\/wp\/v2\/media\/551"}],"wp:attachment":[{"href":"https:\/\/www.iptis.fr\/blog\/wp-json\/wp\/v2\/media?parent=547"}],"wp:term":[{"taxonomy":"category","embeddable":true,"href":"https:\/\/www.iptis.fr\/blog\/wp-json\/wp\/v2\/categories?post=547"},{"taxonomy":"post_tag","embeddable":true,"href":"https:\/\/www.iptis.fr\/blog\/wp-json\/wp\/v2\/tags?post=547"}],"curies":[{"name":"wp","href":"https:\/\/api.w.org\/{rel}","templated":true}]}}