{"id":579,"date":"2023-09-13T12:21:48","date_gmt":"2023-09-13T10:21:48","guid":{"rendered":"https:\/\/www.iptis.fr\/blog\/?p=579"},"modified":"2023-09-13T12:21:49","modified_gmt":"2023-09-13T10:21:49","slug":"pres-de-deux-tiers-des-entreprises-reliees-a-la-fibre-en-france","status":"publish","type":"post","link":"https:\/\/www.iptis.fr\/blog\/pres-de-deux-tiers-des-entreprises-reliees-a-la-fibre-en-france","title":{"rendered":"Pr\u00e8s de deux tiers des entreprises reli\u00e9es \u00e0 la fibre en France"},"content":{"rendered":"\n<h2 class=\"wp-block-heading has-text-align-center\">On a lu avec attention l&rsquo;article du <a href=\"https:\/\/www.edi-mag.fr\/magazines-edi\/numero-130\/\" target=\"_blank\" rel=\"noopener\" title=\"\">num\u00e9ro de septembre 2023 du magazine E.D.I. <\/a><\/h2>\n\n\n\n<p><\/p>\n\n\n\n<p><\/p>\n\n\n\n<p class=\"has-drop-cap\">Selon le barom\u00e8tre d\u00e9voil\u00e9 par Covage et InfraNum presque <strong>deux entreprises sur trois en France sont raccord\u00e9es \u00e0 la fibre optique<\/strong>. Les soci\u00e9t\u00e9s r\u00e9fractaires n&rsquo;ont pas d&rsquo;autres choix que d&rsquo;y migrer <strong>car l&rsquo;arr\u00eat du r\u00e9seau cuivre d\u00e9bute d\u00e8s 2024<\/strong> dans plusieurs d\u00e9partements.<\/p>\n\n\n\n<p>L&rsquo;article dresse un bilan tr\u00e8s instructif du d\u00e9ploiement de la fibre chez les professionnels avec notamment de nombreux chiffres permettant d&rsquo;\u00e9valuer finement la situation.<\/p>\n\n\n\n<h3 class=\"wp-block-heading\">Des entreprises de plus en plus fibr\u00e9es<\/h3>\n\n\n\n<p><strong>63% des entreprises sont fibr\u00e9es <\/strong>soit 8% de plus qu&rsquo;en 2022 avec des disparit\u00e9s Paris \/ Province :<\/p>\n\n\n\n<ul class=\"wp-block-list\">\n<li>79% des entreprises franciliennes sont raccord\u00e9es<\/li>\n\n\n\n<li>64% des entreprises des communes urbaines sont fibr\u00e9es<\/li>\n\n\n\n<li>44% des entreprises rurales sont fibr\u00e9es<\/li>\n<\/ul>\n\n\n\n<p>Autre fait marquant, 85% des entreprises de plus de 250 salari\u00e9s sont fibr\u00e9es et plus proches de nous <strong>seulement 60% des TPE de moins de 5 salari\u00e9s sont fibr\u00e9es.<\/strong> Parmi toutes les entreprises non fibr\u00e9es \u00e0 ce jour 59% envisagent de le faire dans les 12 mois.<\/p>\n\n\n\n<figure class=\"wp-block-image size-large\"><img decoding=\"async\" src=\"https:\/\/d1fmx1rbmqrxrr.cloudfront.net\/zdnet\/i\/edit\/ne\/2022\/fibre%201.jpg\" alt=\"\"\/><figcaption class=\"wp-element-caption\">Source <a href=\"https:\/\/www.zdnet.fr\/actualites\/le-deploiement-de-la-fibre-en-entreprise-passe-au-ralenti-39960306.htm\" target=\"_blank\" rel=\"noopener\" title=\"\">ZDNet<\/a><\/figcaption><\/figure>\n\n\n\n<h3 class=\"wp-block-heading\">Trop d&rsquo;entreprises encore r\u00e9fractaires<\/h3>\n\n\n\n<p><strong>41% des entreprises ne souhaitent pas basculer de leur propre initiative<\/strong> vers la fibre, les raisons sont multiples :<\/p>\n\n\n\n<ul class=\"wp-block-list\">\n<li>24% ne font pas <strong>confiance aux op\u00e9rateurs<\/strong> (C&rsquo;est pas sympa \ud83d\ude09)<\/li>\n\n\n\n<li>11% craignent une <strong>rupture de service<\/strong><\/li>\n\n\n\n<li><strong>33% pensent (\u00e0 tord) ne pas \u00eatre \u00e9ligibles<\/strong><\/li>\n\n\n\n<li>et 58% estiment que <strong>la fibre co\u00fbte trop cher<\/strong> !<\/li>\n<\/ul>\n\n\n\n<p>Sur ce dernier point ce n&rsquo;est pas tant le prix de l&rsquo;abonnement qui est en cause mais les \u00e9volutions internes qu&rsquo;un passage \u00e0 la fibre peut \u00e9ventuellement imposer notamment en mati\u00e8re de r\u00e9seau local.<\/p>\n\n\n\n<p>Le principal probl\u00e8me c&rsquo;est l&rsquo;<strong>arr\u00eat in\u00e9luctable du cuivre et ce d\u00e8s 2024 <\/strong>pour pr\u00e8s de 158 communes, ce qui repr\u00e9sente environ <strong>40.000 entreprises<\/strong> ! Les plus petites structures avouent \u00eatre <strong>mal inform\u00e9es et peu sensibilis\u00e9es<\/strong> \u00e0 ce probl\u00e8me &#8230; Les collectivit\u00e9s, corporations, CCI, &#8230; ont un travail p\u00e9dagogique urgent \u00e0 faire aupr\u00e8s de ces entreprises qui risque la coupure ou la n\u00e9gociation de contrats t\u00e9l\u00e9com dans l&rsquo;urgence !<\/p>\n\n\n\n<p>L&rsquo;article met \u00e9galement l&rsquo;ARCEP devant ses responsabilit\u00e9s pour qu&rsquo;elle communique plus sur les op\u00e9rateurs alternatifs (tels que nous \ud83d\ude09). En effet le march\u00e9 des t\u00e9l\u00e9coms ne se r\u00e9sume pas aux grands acteurs des t\u00e9l\u00e9coms, l<strong>es op\u00e9rateurs alternatifs, peu connus des entreprises, participent  pourtant de la baisse des prix et de l&rsquo;acc\u00e8s \u00e0 des services suppl\u00e9mentaires toujours plus nombreux<\/strong>.<\/p>\n\n\n\n<h3 class=\"wp-block-heading\">La fibre assortie de services<\/h3>\n\n\n\n<p>Parmi toutes les entreprises qui souhaitent migrer vers la fibre :<\/p>\n\n\n\n<ul class=\"wp-block-list\">\n<li>52% souhaitent s&rsquo;orienter vers une <strong>offre professionnelle<\/strong> classique<\/li>\n\n\n\n<li>15% vers une <strong>offre grand public<\/strong><\/li>\n\n\n\n<li>33% vers une <strong>offre professionnelle avec des services<\/strong> tels que le d\u00e9bit garanti ou la GTR (Garantie de Temps de R\u00e9tablissement)<\/li>\n<\/ul>\n\n\n\n<p>Ces entreprises \u00e9tudient plusieurs crit\u00e8res de s\u00e9lection avant d&rsquo;arr\u00eater le choix d&rsquo;un op\u00e9rateur :<\/p>\n\n\n\n<ul class=\"wp-block-list\">\n<li>La fiabilit\u00e9 du service<\/li>\n\n\n\n<li>La rapidit\u00e9 de raccordement<\/li>\n\n\n\n<li>Le d\u00e9bit<\/li>\n\n\n\n<li>Le temps d&rsquo;intervention<\/li>\n\n\n\n<li>&#8230;<\/li>\n<\/ul>\n\n\n\n<p class=\"has-text-align-right has-small-font-size\">Source : <a href=\"https:\/\/www.edi-mag.fr\/magazines-edi\/numero-130\/\" target=\"_blank\" rel=\"noopener\" title=\"\">https:\/\/www.edi-mag.fr\/magazines-edi\/numero-130\/<\/a> pages 32 &amp; 33<\/p>\n\n\n\n<h2 class=\"wp-block-heading\">Pr\u00eat \u00e0 passer \u00e0 la fibre ?<\/h2>\n\n\n\n<p>Si vous faites partie de ces entreprises encore cuivr\u00e9es et que vous souhaitez passer \u00e0 la fibre voici ce qu&rsquo;il faut savoir !<\/p>\n\n\n\n<p>En fonction de votre \u00e9ligibilit\u00e9 il va falloir opter pour un type de fibre, trois choix s&rsquo;offrent \u00e0 vous :<\/p>\n\n\n\n<ul class=\"wp-block-list\">\n<li>La <strong>FTTH<\/strong>, c&rsquo;est l&rsquo;offre grand public, la m\u00eame fibre que l&rsquo;on a \u00e0 la maison : <strong>D\u00e9bits asym\u00e9triques <\/strong>(plus de download que d&rsquo;upload), d\u00e9bits non garantis et <strong>pas de GTR<\/strong>. Si votre entreprise ne peut pas se passer d&rsquo;internet ne serait qu&rsquo;une demi-journ\u00e9e ce n&rsquo;est pas le bon choix, surtout quand on voit les armoires de rues de certains quartiers &#8230;<\/li>\n\n\n\n<li>La <strong>FTTH avec d\u00e9bit minimum garanti<\/strong>. C&rsquo;est une FTTH avec un minimum de d\u00e9bit garanti ce qui vous assure un certain niveau de qualit\u00e9 mais <strong>toujours sans une GTR <\/strong>de moins de 4 heures.<\/li>\n\n\n\n<li>la <strong>FTTO<\/strong>, la fibre d\u00e9di\u00e9e ! Des <strong>d\u00e9bits sym\u00e9triques, garantis et avec une GTR de 4 heures<\/strong> mais plus ch\u00e8re !<\/li>\n<\/ul>\n\n\n\n<blockquote class=\"wp-block-quote is-layout-flow wp-block-quote-is-layout-flow\">\n<p>\ud83d\udc49 <strong>+ d&rsquo;infos : <a href=\"https:\/\/www.iptis.fr\/fibre-optique\" target=\"_blank\" rel=\"noopener\" title=\"\">https:\/\/www.iptis.fr\/fibre-optique<\/a> <\/strong><\/p>\n<\/blockquote>\n\n\n\n<figure class=\"wp-block-image size-large\"><img decoding=\"async\" src=\"https:\/\/www.universfreebox.com\/wp-content\/uploads\/2021\/11\/Capture-d%E2%80%99e%CC%81cran-2021-11-26-a%CC%80-10.01.57-800x450-c-default.png\" alt=\"\"\/><figcaption class=\"wp-element-caption\">Un \u00ab\u00a0plat de nouilles\u00a0\u00bb &#8211; Source <a href=\"https:\/\/www.universfreebox.com\/article\/508841\/fibre-larcep-met-les-pieds-dans-les-plats-de-nouilles-et-lance-son-plan-daction-pour-ameliorer-la-qualite-des-reseaux\" target=\"_blank\" rel=\"noopener\" title=\"\">Univers Freebox<\/a><\/figcaption><\/figure>\n\n\n\n<h3 class=\"wp-block-heading\">Ne vous contentez pas de la GTR !<\/h3>\n\n\n\n<p>Si l&rsquo;on prend l&rsquo;exemple de la Corr\u00e8ze la fibre optique est tir\u00e9e la plupart du temps en a\u00e9rien, des offres fibres type FTTO sont propos\u00e9es mais lorsque la fibre est coup\u00e9e (Chute d&rsquo;arbres, poteaux endommag\u00e9s, &#8230;) l&rsquo;op\u00e9rateur d&rsquo;infrastructure a certes 4 heures pour intervenir mais dans les faits la <strong>GTR est souvent peu respect\u00e9e<\/strong>. C&rsquo;est pourquoi certains op\u00e9rateurs (au hasard IPtis \ud83e\udd70) propose des dispositifs de <strong>backup 4G<\/strong>, la fibre coupe, la 4G prend le relai, alors oui c&rsquo;est moins bien qu&rsquo;avec la fibre mais pendant ce temps votre t\u00e9l\u00e9phone fonctionne et vous pourrez naviguer sur le web !<\/p>\n\n\n\n<figure class=\"wp-block-image size-large\"><img decoding=\"async\" src=\"https:\/\/www.iptis.fr\/assets\/img\/shemas\/ftto.png\" alt=\"\"\/><\/figure>\n\n\n\n<h3 class=\"wp-block-heading\">Plus de connexion et aucune info !<\/h3>\n\n\n\n<p>IPtis est comme tout le monde et la panne d&rsquo;internet fait malheureusement partie des al\u00e9as. <strong>En pareille situation rien de plus frustrant que de ne pas savoir ce qu&rsquo;il se passe<\/strong> ! La diff\u00e9rence c&rsquo;est qu&rsquo;en disposant de notre propre infrastructure <strong>nous savons d&rsquo;o\u00f9 provient la panne<\/strong> !<\/p>\n\n\n\n<figure class=\"wp-block-image size-large\"><img decoding=\"async\" src=\"https:\/\/media.giphy.com\/media\/7JyX6u5vt1H5YLDJqP\/giphy.gif\" alt=\"\"\/><\/figure>\n\n\n\n<p>Lorsque vous \u00eates coup\u00e9 il peut y avoir plusieurs raisons :<\/p>\n\n\n\n<ul class=\"wp-block-list\">\n<li>Un dysfonctionnement interne dans vos murs, nous vous aidons dans ces investigations<\/li>\n\n\n\n<li>Un dysfonctionnement sur nos \u00e9quipements ou dans notre coeur de r\u00e9seau, l\u00e0 encore il s&rsquo;agit de nos \u00e9quipements, nous sommes donc autonomes pour rechercher la panne.<\/li>\n\n\n\n<li>Un dysfonctionnement sur le r\u00e9seau fibre optique, notre statut d&rsquo;op\u00e9rateur nous permet de disposer d&rsquo;un acc\u00e8s privil\u00e9gi\u00e9 aupr\u00e8s des op\u00e9rateurs d&rsquo;infrastructure et donc de pouvoir vous informer sur l&rsquo;origine de la panne et le d\u00e9lai de r\u00e9solution.<\/li>\n<\/ul>\n\n\n\n<p>Notre outil de <strong>supervision <\/strong>nous permet \u00e9galement de d\u00e9tecter les pannes d\u00e8s qu&rsquo;elles se pr\u00e9sentent et donc d&rsquo;enclencher les actions curatives avant m\u00eame que vous preniez contact. Ah oui ! <strong>Au fait pour nous joindre c&rsquo;est facile : 05 55 18 23 58 &#8230;<\/strong> \ud83d\ude1c<\/p>\n\n\n\n<h3 class=\"wp-block-heading\">La fibre, un moyen d&rsquo;acc\u00e9der \u00e0 de nouveaux services, de nouveaux usages &#8230;<\/h3>\n\n\n\n<p>Le passage \u00e0 la fibre ce n&rsquo;est pas qu&rsquo;une fatalit\u00e9 obligeant les entreprises \u00e0 abandonner le bon vieux r\u00e9seau cuivre &#8230; <strong>C&rsquo;est aussi et surtout, le moyen technique de b\u00e9n\u00e9ficier et d&rsquo;utiliser de nouveaux services<\/strong> :<\/p>\n\n\n\n<ul class=\"wp-block-list\">\n<li>La <strong><a href=\"https:\/\/www.iptis.fr\/telephonie-sur-ip\" title=\"\">t\u00e9l\u00e9phonie sur IP<\/a><\/strong> et ses nombreux services<\/li>\n\n\n\n<li>Le <a href=\"https:\/\/www.iptis.fr\/cloud-computing\" title=\"\"><strong>cloud<\/strong> <\/a>: en basculant son vieux serveur dans le cloud, vous permettant ainsi de faire des \u00e9conomies substantielles<\/li>\n\n\n\n<li>La <strong><a href=\"https:\/\/www.iptis.fr\/live-data-protection-sauvegarde-externalisee\" title=\"\">sauvegarde externalis\u00e9e<\/a><\/strong> pour mettre vos donn\u00e9es en lieu s\u00fbr en dehors de vos murs<\/li>\n\n\n\n<li>La <strong><a href=\"https:\/\/www.iptis.fr\/visioconference\" title=\"\">visioconf\u00e9rence <\/a><\/strong>et les \u00e9changes de fichiers volumineux gr\u00e2ce aux d\u00e9bits accrus.<\/li>\n<\/ul>\n\n\n\n<p><\/p>\n\n\n\n<h2 class=\"wp-block-heading\">Vous avez besoin de conseil, d&rsquo;accompagnement pour migrer vers la fibre ? Appelez-nous : 05 55 18 23 58 ou <a href=\"https:\/\/www.iptis.fr\/contactez-nous\" title=\"\">envoyez-nous un message<\/a> !<\/h2>\n\n\n\n<p><\/p>\n\n\n\n<p><\/p>\n","protected":false},"excerpt":{"rendered":"<p>Deux tiers des entreprises fran\u00e7aises sont raccord\u00e9es \u00e0 la fibre optique et les r\u00e9fractaires n&rsquo;ont que peu de temps devant eux pour entamer la migration<\/p>\n","protected":false},"author":1,"featured_media":591,"comment_status":"closed","ping_status":"open","sticky":false,"template":"templates\/template-full-width.php","format":"standard","meta":{"footnotes":""},"categories":[7,5],"tags":[],"class_list":["post-579","post","type-post","status-publish","format-standard","has-post-thumbnail","hentry","category-internet-fibre-optique","category-techno"],"aioseo_notices":[],"_links":{"self":[{"href":"https:\/\/www.iptis.fr\/blog\/wp-json\/wp\/v2\/posts\/579","targetHints":{"allow":["GET"]}}],"collection":[{"href":"https:\/\/www.iptis.fr\/blog\/wp-json\/wp\/v2\/posts"}],"about":[{"href":"https:\/\/www.iptis.fr\/blog\/wp-json\/wp\/v2\/types\/post"}],"author":[{"embeddable":true,"href":"https:\/\/www.iptis.fr\/blog\/wp-json\/wp\/v2\/users\/1"}],"replies":[{"embeddable":true,"href":"https:\/\/www.iptis.fr\/blog\/wp-json\/wp\/v2\/comments?post=579"}],"version-history":[{"count":14,"href":"https:\/\/www.iptis.fr\/blog\/wp-json\/wp\/v2\/posts\/579\/revisions"}],"predecessor-version":[{"id":595,"href":"https:\/\/www.iptis.fr\/blog\/wp-json\/wp\/v2\/posts\/579\/revisions\/595"}],"wp:featuredmedia":[{"embeddable":true,"href":"https:\/\/www.iptis.fr\/blog\/wp-json\/wp\/v2\/media\/591"}],"wp:attachment":[{"href":"https:\/\/www.iptis.fr\/blog\/wp-json\/wp\/v2\/media?parent=579"}],"wp:term":[{"taxonomy":"category","embeddable":true,"href":"https:\/\/www.iptis.fr\/blog\/wp-json\/wp\/v2\/categories?post=579"},{"taxonomy":"post_tag","embeddable":true,"href":"https:\/\/www.iptis.fr\/blog\/wp-json\/wp\/v2\/tags?post=579"}],"curies":[{"name":"wp","href":"https:\/\/api.w.org\/{rel}","templated":true}]}}